{"id":1933,"date":"2025-09-08T14:11:50","date_gmt":"2025-09-08T14:11:50","guid":{"rendered":"https:\/\/armalutx.com\/?p=1933"},"modified":"2025-09-08T14:15:23","modified_gmt":"2025-09-08T14:15:23","slug":"from-mexico-to-deia-brutalist-architecture-in-mallorca","status":"publish","type":"post","link":"https:\/\/armalutx.com\/en\/de-mexico-a-deia-arquitectura-brutalista-en-mallorca\/","title":{"rendered":"From Mexico to Dei\u00e0: Brutalist Architecture in Mallorca"},"content":{"rendered":"<h2 class=\"wp-block-heading\">What do we mean by brutalism and how did it come to Spain?<\/h2>\n\n\n\n<p>When talking about Brutalist architecture in Mallorca, it&#039;s not enough to simply look at what&#039;s happening on the island. First, it&#039;s necessary to look back and understand what lies behind this movement, which, although sometimes controversial, left a strong mark on 20th-century architecture.<\/p>\n\n\n\n<p>Brutalism emerged as a reaction to what was considered excessive: overly elaborate decorations, shapes that obscured the building&#039;s true structure. Here, exposed concrete, straightforward forms, and a constructive sincerity that doesn&#039;t seek to disguise anything reign supreme. The term comes from the French b\u00e9ton brut (raw concrete), a term used by Le Corbusier, one of the great names in modern architecture.<\/p>\n\n\n\n<p>In Spain, this trend gained momentum in the 1960s and 1970s, when cities began to transform rapidly. Madrid and Barcelona were the most active centers, but it soon spread to other areas. In Mallorca, Brutalism found its place primarily in Palma, although scattered examples can also be found throughout the island. Some architects knew how to give it a twist: they adapted this style to the light and materials of the Mediterranean.<\/p>\n\n\n\n<h2 class=\"wp-block-heading\">The parallels with Mexico: mass, concrete and monumentality<\/h2>\n\n\n\n<p>Leaving Mexico out when talking about brutalism is like telling a half-baked story. In the 1960s and 1970s, architects like Teodoro Gonz\u00e1lez de Le\u00f3n and Pedro Ram\u00edrez V\u00e1zquez took brutalism to another level. In their hands, concrete ceased to be just a material: it became a symbol of power, of modernity, of the future. Museums, universities, public spaces\u2026 in Mexico City, brutalism was much more than a fad.<\/p>\n\n\n\n<p>And Mallorca? Although the proportions here were different, the connection remains. On both shores, there&#039;s an attraction to the material, to the emphatic. Exposed concrete, solid volumes, the search for authenticity... all of this also existed on the island. Some Mallorcan works retain that Latin American echo, a kind of silent dialogue that seeps into the architecture.<\/p>\n\n\n\n<h2 class=\"wp-block-heading\">Josep Ferragut: a key figure in Mallorcan brutalism<\/h2>\n\n\n\n<p>One cannot understand Brutalist architecture in Mallorca without mentioning Josep Ferragut. He was one of those epoch-making figures. His work ranges from religious temples to administrative buildings, and in all of them, a clear attitude emerges: breaking with convention, but without losing sight of the surroundings.<\/p>\n\n\n\n<p>Three examples that help to understand his vision:<\/p>\n\n\n\n<ul class=\"wp-block-list\">\n<li><strong>The Church of La Porci\u00fancula (1965\u20131968)<\/strong>: in Palma. Its circular shape and concrete ribs are reminiscent of a large structural storefront. The stained-glass windows project colored light throughout the space. A powerful work, without unnecessary embellishments.<\/li>\n\n\n\n<li><strong>The GESA building (1963\u20131975)<\/strong>: headquarters of the former electricity company. Its volume is imposing. The modular fa\u00e7ade, the emphatic presence\u2026 it&#039;s a building that has become part of the urban landscape. Today it&#039;s protected, although not without controversy.<\/li>\n\n\n\n<li><strong>The parish of Sant Agust\u00ed (1963\u20131965)<\/strong>: another project where concrete speaks without filters. Nothing is there by chance; everything responds to a clear structural logic.<\/li>\n<\/ul>\n\n\n\n<p>Ferragut knew how to blend modernity with what makes Mallorca unique: the light, the materials, the scale. Without copying, without falling into the simplistic.<\/p>\n\n\n\n<h2 class=\"wp-block-heading\">The role of Joan Mir\u00f3 and the Sert Workshop<\/h2>\n\n\n\n<p>Although not strictly Brutalism, the Sert Workshop\u2014which Josep Llu\u00eds Sert built for Joan Mir\u00f3 between 1954 and 1956\u2014connects with that same spirit. Here, too, there&#039;s concrete, local stone, and solutions designed for the climate... all with a material honesty that fits with what would come later.<\/p>\n\n\n\n<p>The building isn&#039;t fake. It&#039;s designed for work, for breathing in the landscape, for experiencing the light. In a way, it anticipates the search for authenticity that would define Brutalist architecture in Mallorca in the following decades.<\/p>\n\n\n\n<h2 class=\"wp-block-heading\">Dei\u00e0 and the Serra de Tramuntana: the contrast with the dry stone<\/h2>\n\n\n\n<p>Why does Dei\u00e0 appear in the title if Brutalism didn&#039;t fully take hold there? Exactly for that reason. Because it represents the perfect counterpoint. This small town, in the heart of the Tramuntana Mountains\u2014recognized as a World Heritage Site in 2011\u2014is the complete opposite: terraces, dry stone, traditional architecture that blends with the terrain.<\/p>\n\n\n\n<p>Conservation regulations and a commitment to the local environment have slowed the arrival of modern styles in the area. And it makes sense: brutalist concrete doesn&#039;t quite fit in here. The contrast between sandstone walls and concrete volumes reminds us that not everything can coexist in the same space. Sometimes, the dialogue is more symbolic than real.<\/p>\n\n\n\n<h2 class=\"wp-block-heading\">Current examples: neo-brutalism in Palma<\/h2>\n\n\n\n<p>Although classic Brutalism belongs to another era, there are architects who continue to draw inspiration from its principles. It&#039;s not about repeating old formulas, but rather about reviving that attitude: undisguised materials, straightforward structures, spaces with character.<\/p>\n\n\n\n<ul class=\"wp-block-list\">\n<li><strong>Gomila Project (2018\u20132023)<\/strong>: a joint initiative between MVRDV and GRAS Reyn\u00e9s Arquitectos. Seven buildings that add identity to a neighborhood undergoing transformation. In some interiors, the raw concrete and straightforward textures are clearly reminiscent of Brutalism.<\/li>\n\n\n\n<li><strong>Brutus (2023)<\/strong>: a restaurant also located in Gomila Square, designed by Sandra Tarruella Interioristas. Here, brutalism permeates the details: untreated ceilings, bare walls, surfaces that reveal themselves. Even the name says it all.<\/li>\n<\/ul>\n\n\n\n<p>This &quot;new brutalism&quot; doesn&#039;t seek to make a splash, but rather to make a difference. It respects the legacy and adapts it to current ways of living.<\/p>\n\n\n\n<h2 class=\"wp-block-heading\">Legacy and future of brutalism on the island<\/h2>\n\n\n\n<p>Brutalist architecture in Mallorca was never mainstream, that&#039;s clear. But it has left its mark. Some visible, others more subtle: a style that championed the honest, the essential. Today, many of these works generate debate: should we preserve them? Should we update them? Should we let them fall into disrepair?<\/p>\n\n\n\n<p>In a world where many buildings look too similar to each other, this commitment to material honesty sounds refreshing. Perhaps there&#039;s a clue to building differently. More connected to the place. More real.<\/p>\n\n\n\n<h2 class=\"wp-block-heading\">Armalutx Constructions: Your Construction Company in Mallorca<\/h2>\n\n\n\n<p>In this context, surrounded by questions about the past and future of architecture on the island, having a team that knows how to read the landscape and understand the times becomes key.<\/p>\n\n\n\n<p>At Construcciones Armalutx, we work with a vision that balances tradition and the present. We appreciate things that have a history, but also those that look to the future. Whether renovating a house with heritage value or constructing a building with a contemporary character, we do it with care, respect, and skill.<\/p>\n\n\n\n<p>If you are looking for a <a href=\"https:\/\/armalutx.com\/en\/\">construction company in Mallorca<\/a> who listens, who makes suggestions, and who takes your project personally. We&#039;d love to work with you. Let&#039;s talk.<\/p>","protected":false},"excerpt":{"rendered":"<p>Qu\u00e9 entendemos por brutalismo y c\u00f3mo llega a Espa\u00f1a Cuando se habla de arquitectura brutalista en Mallorca, no basta con mirar lo que ocurre en la isla. Primero hace falta echar la vista atr\u00e1s y entender qu\u00e9 hay detr\u00e1s de este movimiento que, aunque a veces genere cierta pol\u00e9mica, dej\u00f3 una marca fuerte en la [&hellip;]<\/p>\n","protected":false},"author":1,"featured_media":1934,"comment_status":"open","ping_status":"open","sticky":false,"template":"","format":"standard","meta":{"_joinchat":[],"footnotes":""},"categories":[1],"tags":[],"class_list":["post-1933","post","type-post","status-publish","format-standard","has-post-thumbnail","hentry","category-uncategorized"],"yoast_head":"<!-- This site is optimized with the Yoast SEO plugin v27.4 - https:\/\/yoast.com\/product\/yoast-seo-wordpress\/ -->\n<title>De M\u00e9xico a Dei\u00e0: Arquitectura Brutalista en Mallorca - Construcciones Armalutx<\/title>\n<meta name=\"description\" content=\"Descubre la arquitectura brutalista en Mallorca: de Ferragut a proyectos actuales, un viaje entre hormig\u00f3n, tradici\u00f3n y paisaje mediterr\u00e1neo.\" \/>\n<meta name=\"robots\" content=\"index, follow, max-snippet:-1, max-image-preview:large, max-video-preview:-1\" \/>\n<link rel=\"canonical\" href=\"https:\/\/armalutx.com\/en\/from-mexico-to-deia-brutalist-architecture-in-mallorca\/\" \/>\n<meta property=\"og:locale\" content=\"en_GB\" \/>\n<meta property=\"og:type\" content=\"article\" \/>\n<meta property=\"og:title\" content=\"De M\u00e9xico a Dei\u00e0: Arquitectura Brutalista en Mallorca - Construcciones Armalutx\" \/>\n<meta property=\"og:description\" content=\"Descubre la arquitectura brutalista en Mallorca: de Ferragut a proyectos actuales, un viaje entre hormig\u00f3n, tradici\u00f3n y paisaje mediterr\u00e1neo.\" \/>\n<meta property=\"og:url\" content=\"https:\/\/armalutx.com\/en\/from-mexico-to-deia-brutalist-architecture-in-mallorca\/\" \/>\n<meta property=\"og:site_name\" content=\"Construcciones Armalutx\" \/>\n<meta property=\"article:published_time\" content=\"2025-09-08T14:11:50+00:00\" \/>\n<meta property=\"article:modified_time\" content=\"2025-09-08T14:15:23+00:00\" \/>\n<meta property=\"og:image\" content=\"https:\/\/armalutx.com\/wp-content\/uploads\/2025\/09\/Arquitectura-brutalista-en-Mallorca.jpg\" \/>\n\t<meta property=\"og:image:width\" content=\"1240\" \/>\n\t<meta property=\"og:image:height\" content=\"830\" \/>\n\t<meta property=\"og:image:type\" content=\"image\/jpeg\" \/>\n<meta name=\"author\" content=\"admin\" \/>\n<meta name=\"twitter:card\" content=\"summary_large_image\" \/>\n<meta name=\"twitter:label1\" content=\"Written by\" \/>\n\t<meta name=\"twitter:data1\" content=\"admin\" \/>\n\t<meta name=\"twitter:label2\" content=\"Estimated reading time\" \/>\n\t<meta name=\"twitter:data2\" content=\"6 minutes\" \/>\n<!-- \/ Yoast SEO plugin. -->","yoast_head_json":{"title":"From Mexico to Dei\u00e0: Brutalist Architecture in Mallorca - Construcciones Armalutx","description":"Discover brutalist architecture in Mallorca: from Ferragut to contemporary projects, a journey through concrete, tradition, and the Mediterranean landscape.","robots":{"index":"index","follow":"follow","max-snippet":"max-snippet:-1","max-image-preview":"max-image-preview:large","max-video-preview":"max-video-preview:-1"},"canonical":"https:\/\/armalutx.com\/en\/from-mexico-to-deia-brutalist-architecture-in-mallorca\/","og_locale":"en_GB","og_type":"article","og_title":"De M\u00e9xico a Dei\u00e0: Arquitectura Brutalista en Mallorca - Construcciones Armalutx","og_description":"Descubre la arquitectura brutalista en Mallorca: de Ferragut a proyectos actuales, un viaje entre hormig\u00f3n, tradici\u00f3n y paisaje mediterr\u00e1neo.","og_url":"https:\/\/armalutx.com\/en\/from-mexico-to-deia-brutalist-architecture-in-mallorca\/","og_site_name":"Construcciones Armalutx","article_published_time":"2025-09-08T14:11:50+00:00","article_modified_time":"2025-09-08T14:15:23+00:00","og_image":[{"width":1240,"height":830,"url":"https:\/\/armalutx.com\/wp-content\/uploads\/2025\/09\/Arquitectura-brutalista-en-Mallorca.jpg","type":"image\/jpeg"}],"author":"admin","twitter_card":"summary_large_image","twitter_misc":{"Written by":"admin","Estimated reading time":"6 minutes"},"schema":{"@context":"https:\/\/schema.org","@graph":[{"@type":"Article","@id":"https:\/\/armalutx.com\/de-mexico-a-deia-arquitectura-brutalista-en-mallorca\/#article","isPartOf":{"@id":"https:\/\/armalutx.com\/de-mexico-a-deia-arquitectura-brutalista-en-mallorca\/"},"author":{"name":"admin","@id":"https:\/\/armalutx.com\/#\/schema\/person\/5b3203398b5790ddc3b68823e709262f"},"headline":"De M\u00e9xico a Dei\u00e0: Arquitectura Brutalista en Mallorca","datePublished":"2025-09-08T14:11:50+00:00","dateModified":"2025-09-08T14:15:23+00:00","mainEntityOfPage":{"@id":"https:\/\/armalutx.com\/de-mexico-a-deia-arquitectura-brutalista-en-mallorca\/"},"wordCount":1185,"commentCount":0,"image":{"@id":"https:\/\/armalutx.com\/de-mexico-a-deia-arquitectura-brutalista-en-mallorca\/#primaryimage"},"thumbnailUrl":"https:\/\/armalutx.com\/wp-content\/uploads\/2025\/09\/Arquitectura-brutalista-en-Mallorca.jpg","articleSection":["Uncategorized"],"inLanguage":"en-GB","potentialAction":[{"@type":"CommentAction","name":"Comment","target":["https:\/\/armalutx.com\/de-mexico-a-deia-arquitectura-brutalista-en-mallorca\/#respond"]}]},{"@type":"WebPage","@id":"https:\/\/armalutx.com\/de-mexico-a-deia-arquitectura-brutalista-en-mallorca\/","url":"https:\/\/armalutx.com\/de-mexico-a-deia-arquitectura-brutalista-en-mallorca\/","name":"From Mexico to Dei\u00e0: Brutalist Architecture in Mallorca - Construcciones Armalutx","isPartOf":{"@id":"https:\/\/armalutx.com\/#website"},"primaryImageOfPage":{"@id":"https:\/\/armalutx.com\/de-mexico-a-deia-arquitectura-brutalista-en-mallorca\/#primaryimage"},"image":{"@id":"https:\/\/armalutx.com\/de-mexico-a-deia-arquitectura-brutalista-en-mallorca\/#primaryimage"},"thumbnailUrl":"https:\/\/armalutx.com\/wp-content\/uploads\/2025\/09\/Arquitectura-brutalista-en-Mallorca.jpg","datePublished":"2025-09-08T14:11:50+00:00","dateModified":"2025-09-08T14:15:23+00:00","author":{"@id":"https:\/\/armalutx.com\/#\/schema\/person\/5b3203398b5790ddc3b68823e709262f"},"description":"Discover brutalist architecture in Mallorca: from Ferragut to contemporary projects, a journey through concrete, tradition, and the Mediterranean landscape.","breadcrumb":{"@id":"https:\/\/armalutx.com\/de-mexico-a-deia-arquitectura-brutalista-en-mallorca\/#breadcrumb"},"inLanguage":"en-GB","potentialAction":[{"@type":"ReadAction","target":["https:\/\/armalutx.com\/de-mexico-a-deia-arquitectura-brutalista-en-mallorca\/"]}]},{"@type":"ImageObject","inLanguage":"en-GB","@id":"https:\/\/armalutx.com\/de-mexico-a-deia-arquitectura-brutalista-en-mallorca\/#primaryimage","url":"https:\/\/armalutx.com\/wp-content\/uploads\/2025\/09\/Arquitectura-brutalista-en-Mallorca.jpg","contentUrl":"https:\/\/armalutx.com\/wp-content\/uploads\/2025\/09\/Arquitectura-brutalista-en-Mallorca.jpg","width":1240,"height":830,"caption":"Descubre la arquitectura brutalista en Mallorca: de Ferragut a proyectos actuales, un viaje entre hormig\u00f3n, tradici\u00f3n y paisaje mediterr\u00e1neo."},{"@type":"BreadcrumbList","@id":"https:\/\/armalutx.com\/de-mexico-a-deia-arquitectura-brutalista-en-mallorca\/#breadcrumb","itemListElement":[{"@type":"ListItem","position":1,"name":"Portada","item":"https:\/\/armalutx.com\/"},{"@type":"ListItem","position":2,"name":"De M\u00e9xico a Dei\u00e0: Arquitectura Brutalista en Mallorca"}]},{"@type":"WebSite","@id":"https:\/\/armalutx.com\/#website","url":"https:\/\/armalutx.com\/","name":"Armalutx Constructions","description":"Construcciones Armalutx is your construction company in Mallorca with more than 50 years of experience.","potentialAction":[{"@type":"SearchAction","target":{"@type":"EntryPoint","urlTemplate":"https:\/\/armalutx.com\/?s={search_term_string}"},"query-input":{"@type":"PropertyValueSpecification","valueRequired":true,"valueName":"search_term_string"}}],"inLanguage":"en-GB"},{"@type":"Person","@id":"https:\/\/armalutx.com\/#\/schema\/person\/5b3203398b5790ddc3b68823e709262f","name":"admin","image":{"@type":"ImageObject","inLanguage":"en-GB","@id":"https:\/\/secure.gravatar.com\/avatar\/ad4828f9a4f708a1e41bca657564788ed8eeec2c5621dacbb988a10a699764df?s=96&d=mm&r=g","url":"https:\/\/secure.gravatar.com\/avatar\/ad4828f9a4f708a1e41bca657564788ed8eeec2c5621dacbb988a10a699764df?s=96&d=mm&r=g","contentUrl":"https:\/\/secure.gravatar.com\/avatar\/ad4828f9a4f708a1e41bca657564788ed8eeec2c5621dacbb988a10a699764df?s=96&d=mm&r=g","caption":"admin"},"sameAs":["https:\/\/armalutx.com"],"url":"https:\/\/armalutx.com\/en\/author\/admin\/"}]}},"_links":{"self":[{"href":"https:\/\/armalutx.com\/en\/wp-json\/wp\/v2\/posts\/1933","targetHints":{"allow":["GET"]}}],"collection":[{"href":"https:\/\/armalutx.com\/en\/wp-json\/wp\/v2\/posts"}],"about":[{"href":"https:\/\/armalutx.com\/en\/wp-json\/wp\/v2\/types\/post"}],"author":[{"embeddable":true,"href":"https:\/\/armalutx.com\/en\/wp-json\/wp\/v2\/users\/1"}],"replies":[{"embeddable":true,"href":"https:\/\/armalutx.com\/en\/wp-json\/wp\/v2\/comments?post=1933"}],"version-history":[{"count":2,"href":"https:\/\/armalutx.com\/en\/wp-json\/wp\/v2\/posts\/1933\/revisions"}],"predecessor-version":[{"id":1936,"href":"https:\/\/armalutx.com\/en\/wp-json\/wp\/v2\/posts\/1933\/revisions\/1936"}],"wp:featuredmedia":[{"embeddable":true,"href":"https:\/\/armalutx.com\/en\/wp-json\/wp\/v2\/media\/1934"}],"wp:attachment":[{"href":"https:\/\/armalutx.com\/en\/wp-json\/wp\/v2\/media?parent=1933"}],"wp:term":[{"taxonomy":"category","embeddable":true,"href":"https:\/\/armalutx.com\/en\/wp-json\/wp\/v2\/categories?post=1933"},{"taxonomy":"post_tag","embeddable":true,"href":"https:\/\/armalutx.com\/en\/wp-json\/wp\/v2\/tags?post=1933"}],"curies":[{"name":"wp","href":"https:\/\/api.w.org\/{rel}","templated":true}]}}