{"id":1792,"date":"2025-05-27T10:11:25","date_gmt":"2025-05-27T10:11:25","guid":{"rendered":"https:\/\/armalutx.com\/?p=1792"},"modified":"2025-05-27T10:11:26","modified_gmt":"2025-05-27T10:11:26","slug":"what-is-a-ventilated-facade-everything-you-need-to-know","status":"publish","type":"post","link":"https:\/\/armalutx.com\/en\/que-es-una-fachada-ventilada-todo-lo-que-necesitas-saber\/","title":{"rendered":"What is a Ventilated Facade? Everything You Need to Know"},"content":{"rendered":"<p>Understanding what a ventilated fa\u00e7ade is is essential when planning new construction, comprehensive renovations, or building renovations. This construction system is one of the most effective solutions for eliminating thermal bridges, preventing dampness, and improving a building&#039;s energy efficiency.<\/p>\n\n\n\n<p>In this article, we explain the key aspects of ventilated facades and how they can transform a property.<\/p>\n\n\n\n<h2 class=\"wp-block-heading\">How does a ventilated fa\u00e7ade regulate temperature and humidity?<\/h2>\n\n\n\n<h3 class=\"wp-block-heading\">Chimney effect in the air chamber<\/h3>\n\n\n\n<p>The so-called chimney effect is caused by the temperature difference within the air chamber between the insulation and the cladding. In summer, hot air rises and is replaced by cooler air, helping to ventilate. In winter, this effect is reversed, helping to retain interior heat.<\/p>\n\n\n\n<h3 class=\"wp-block-heading\">Elimination of thermal bridges<\/h3>\n\n\n\n<p>One of the great advantages of understanding what a ventilated fa\u00e7ade is is knowing that this system considerably reduces thermal bridges. This is due to the ventilated chamber that separates the outer layer of insulation, breaking direct contact between the exterior and interior of the building.<\/p>\n\n\n\n<h3 class=\"wp-block-heading\">Constant ventilation to avoid condensation<\/h3>\n\n\n\n<p>The continuous flow of air within the chamber acts as a barrier against moisture and condensation, keeping the building envelope dry and protected.<\/p>\n\n\n\n<h2 class=\"wp-block-heading\">What elements make up a ventilated fa\u00e7ade?<\/h2>\n\n\n\n<h3 class=\"wp-block-heading\">Inner support sheet and metal substructure<\/h3>\n\n\n\n<p>The inner layer, usually made of solid or perforated brick, serves as structural support. A metal substructure is installed over it, securing the outer cladding and ensuring ventilation of the air chamber.<\/p>\n\n\n\n<h3 class=\"wp-block-heading\">Continuous thermal insulation layer<\/h3>\n\n\n\n<p>A continuous layer of thermal insulation is incorporated between the load-bearing wall and the exterior cladding, thus optimizing energy efficiency. The type of insulation should be chosen based on the project&#039;s needs and the building&#039;s characteristics.<\/p>\n\n\n\n<h3 class=\"wp-block-heading\">Exterior cladding and finishes<\/h3>\n\n\n\n<p>One of the reasons to understand what a ventilated fa\u00e7ade is is its aesthetic adaptability. Materials such as ceramic, natural stone, slate, or wood can be used, and a wide variety of finishes, textures, and colors can be applied, adapting to the building&#039;s architectural design.<\/p>\n\n\n\n<h2 class=\"wp-block-heading\">Why install a ventilated fa\u00e7ade?<\/h2>\n\n\n\n<h3 class=\"wp-block-heading\">Energy savings and cost reduction in air conditioning<\/h3>\n\n\n\n<p>Thanks to insulation and natural ventilation, this system reduces the need for heating and air conditioning. The result is significant energy savings in both residential and commercial buildings.<\/p>\n\n\n\n<h3 class=\"wp-block-heading\">Weather protection and increased durability<\/h3>\n\n\n\n<p>The ventilated fa\u00e7ade acts as a protective layer against adverse weather conditions. It withstands the test of time without requiring intensive maintenance, making it a long-lasting and efficient investment.<\/p>\n\n\n\n<h3 class=\"wp-block-heading\">Aesthetic versatility and variety of materials<\/h3>\n\n\n\n<p>This system offers high aesthetic flexibility, allowing it to adapt to multiple architectural styles thanks to its variety of available materials and finishes.<\/p>\n\n\n\n<h2 class=\"wp-block-heading\">Ventilated facade vs. traditional facade system<\/h2>\n\n\n\n<h3 class=\"wp-block-heading\">Comparison in thermal efficiency<\/h3>\n\n\n\n<p>The ventilated fa\u00e7ade&#039;s air chamber significantly improves the building&#039;s thermal performance compared to more conventional systems such as ETICS, which offer less ventilation and humidity management capacity.<\/p>\n\n\n\n<h3 class=\"wp-block-heading\">Maintenance and useful life<\/h3>\n\n\n\n<p>Ventilated facades require little maintenance and have a lifespan of between 25 and 30 years, maintaining their performance without the need for frequent interventions.<\/p>\n\n\n\n<h3 class=\"wp-block-heading\">Initial cost and return on investment<\/h3>\n\n\n\n<p>The initial cost may be higher than with other systems, but the return on investment occurs within 4 to 5 years thanks to energy savings and increased property value.<\/p>\n\n\n\n<h2 class=\"wp-block-heading\">In which projects is it advisable to install a ventilated fa\u00e7ade?<\/h2>\n\n\n\n<h3 class=\"wp-block-heading\">New residential buildings<\/h3>\n\n\n\n<p>In newly built homes, ventilated fa\u00e7ades add value, improve aesthetics, and increase energy efficiency from the very beginning.<\/p>\n\n\n\n<h3 class=\"wp-block-heading\">Energy rehabilitation of existing facades<\/h3>\n\n\n\n<p>This system is ideal for renovating existing facades, improving their thermal performance and reducing energy consumption without the need for major structural work.<\/p>\n\n\n\n<h3 class=\"wp-block-heading\">Tertiary projects: offices, hotels and shopping centers<\/h3>\n\n\n\n<p>In this type of building, the ventilated fa\u00e7ade improves interior comfort and projects a modern and professional image, key aspects for attracting and retaining customers.<\/p>\n\n\n\n<h2 class=\"wp-block-heading\">At Construcciones Armalutx we are your construction company in Mallorca<\/h2>\n\n\n\n<p>Now that you know what a ventilated fa\u00e7ade is, it&#039;s time to assess whether it&#039;s the best system for your project.<\/p>\n\n\n\n<p class=\"translation-block\">At <a href=\"https:\/\/armalutx.com\/en\/\" target=\"_self\">Construcciones Armalutx,<\/a> we are your trusted <a href=\"https:\/\/armalutx.com\/en\/\" target=\"_self\">construction company in Mallorca<\/a> . We have a qualified technical team and comprehensive management to guarantee efficient, long-lasting, and aesthetically impeccable results.<\/p>\n\n\n\n<p>Contact us and request a personalized quote for your new construction or renovation project.<\/p>","protected":false},"excerpt":{"rendered":"<p>Conocer qu\u00e9 es una fachada ventilada es esencial a la hora de planificar obras nuevas, reformas integrales o rehabilitaciones de edificios. Este sistema constructivo es una de las soluciones m\u00e1s eficaces para eliminar puentes t\u00e9rmicos, evitar humedades y mejorar la eficiencia energ\u00e9tica del inmueble. En este art\u00edculo te explicamos los aspectos clave de las fachadas [&hellip;]<\/p>\n","protected":false},"author":1,"featured_media":1793,"comment_status":"open","ping_status":"open","sticky":false,"template":"","format":"standard","meta":{"_joinchat":[],"footnotes":""},"categories":[1],"tags":[],"class_list":["post-1792","post","type-post","status-publish","format-standard","has-post-thumbnail","hentry","category-uncategorized"],"yoast_head":"<!-- This site is optimized with the Yoast SEO plugin v27.4 - https:\/\/yoast.com\/product\/yoast-seo-wordpress\/ -->\n<title>\u00bfQu\u00e9 es una Fachada Ventilada? Todo lo que Necesitas Saber - Construcciones Armalutx<\/title>\n<meta name=\"description\" content=\"\u00bfQu\u00e9 es una fachada ventilada? Mejora la eficiencia energ\u00e9tica y est\u00e9tica de tu edificio con este sistema moderno, duradero y funcional.\" \/>\n<meta name=\"robots\" content=\"index, follow, max-snippet:-1, max-image-preview:large, max-video-preview:-1\" \/>\n<link rel=\"canonical\" href=\"https:\/\/armalutx.com\/en\/what-is-a-ventilated-facade-everything-you-need-to-know\/\" \/>\n<meta property=\"og:locale\" content=\"en_GB\" \/>\n<meta property=\"og:type\" content=\"article\" \/>\n<meta property=\"og:title\" content=\"\u00bfQu\u00e9 es una Fachada Ventilada? Todo lo que Necesitas Saber - Construcciones Armalutx\" \/>\n<meta property=\"og:description\" content=\"\u00bfQu\u00e9 es una fachada ventilada? Mejora la eficiencia energ\u00e9tica y est\u00e9tica de tu edificio con este sistema moderno, duradero y funcional.\" \/>\n<meta property=\"og:url\" content=\"https:\/\/armalutx.com\/en\/what-is-a-ventilated-facade-everything-you-need-to-know\/\" \/>\n<meta property=\"og:site_name\" content=\"Construcciones Armalutx\" \/>\n<meta property=\"article:published_time\" content=\"2025-05-27T10:11:25+00:00\" \/>\n<meta property=\"article:modified_time\" content=\"2025-05-27T10:11:26+00:00\" \/>\n<meta property=\"og:image\" content=\"https:\/\/armalutx.com\/wp-content\/uploads\/2025\/05\/Que-es-una-Fachada-Ventilada.jpg\" \/>\n\t<meta property=\"og:image:width\" content=\"1240\" \/>\n\t<meta property=\"og:image:height\" content=\"830\" \/>\n\t<meta property=\"og:image:type\" content=\"image\/jpeg\" \/>\n<meta name=\"author\" content=\"admin\" \/>\n<meta name=\"twitter:card\" content=\"summary_large_image\" \/>\n<meta name=\"twitter:label1\" content=\"Written by\" \/>\n\t<meta name=\"twitter:data1\" content=\"admin\" \/>\n\t<meta name=\"twitter:label2\" content=\"Estimated reading time\" \/>\n\t<meta name=\"twitter:data2\" content=\"4 minutes\" \/>\n<!-- \/ Yoast SEO plugin. -->","yoast_head_json":{"title":"What Is a Ventilated Facade? Everything You Need to Know - Armalutx Constructions","description":"What is a ventilated fa\u00e7ade? Improve your building&#039;s energy efficiency and aesthetics with this modern, durable, and functional system.","robots":{"index":"index","follow":"follow","max-snippet":"max-snippet:-1","max-image-preview":"max-image-preview:large","max-video-preview":"max-video-preview:-1"},"canonical":"https:\/\/armalutx.com\/en\/what-is-a-ventilated-facade-everything-you-need-to-know\/","og_locale":"en_GB","og_type":"article","og_title":"\u00bfQu\u00e9 es una Fachada Ventilada? Todo lo que Necesitas Saber - Construcciones Armalutx","og_description":"\u00bfQu\u00e9 es una fachada ventilada? Mejora la eficiencia energ\u00e9tica y est\u00e9tica de tu edificio con este sistema moderno, duradero y funcional.","og_url":"https:\/\/armalutx.com\/en\/what-is-a-ventilated-facade-everything-you-need-to-know\/","og_site_name":"Construcciones Armalutx","article_published_time":"2025-05-27T10:11:25+00:00","article_modified_time":"2025-05-27T10:11:26+00:00","og_image":[{"width":1240,"height":830,"url":"https:\/\/armalutx.com\/wp-content\/uploads\/2025\/05\/Que-es-una-Fachada-Ventilada.jpg","type":"image\/jpeg"}],"author":"admin","twitter_card":"summary_large_image","twitter_misc":{"Written by":"admin","Estimated reading time":"4 minutes"},"schema":{"@context":"https:\/\/schema.org","@graph":[{"@type":"Article","@id":"https:\/\/armalutx.com\/que-es-una-fachada-ventilada-todo-lo-que-necesitas-saber\/#article","isPartOf":{"@id":"https:\/\/armalutx.com\/que-es-una-fachada-ventilada-todo-lo-que-necesitas-saber\/"},"author":{"name":"admin","@id":"https:\/\/armalutx.com\/#\/schema\/person\/5b3203398b5790ddc3b68823e709262f"},"headline":"\u00bfQu\u00e9 es una Fachada Ventilada? Todo lo que Necesitas Saber","datePublished":"2025-05-27T10:11:25+00:00","dateModified":"2025-05-27T10:11:26+00:00","mainEntityOfPage":{"@id":"https:\/\/armalutx.com\/que-es-una-fachada-ventilada-todo-lo-que-necesitas-saber\/"},"wordCount":838,"commentCount":0,"image":{"@id":"https:\/\/armalutx.com\/que-es-una-fachada-ventilada-todo-lo-que-necesitas-saber\/#primaryimage"},"thumbnailUrl":"https:\/\/armalutx.com\/wp-content\/uploads\/2025\/05\/Que-es-una-Fachada-Ventilada.jpg","articleSection":["Uncategorized"],"inLanguage":"en-GB","potentialAction":[{"@type":"CommentAction","name":"Comment","target":["https:\/\/armalutx.com\/que-es-una-fachada-ventilada-todo-lo-que-necesitas-saber\/#respond"]}]},{"@type":"WebPage","@id":"https:\/\/armalutx.com\/que-es-una-fachada-ventilada-todo-lo-que-necesitas-saber\/","url":"https:\/\/armalutx.com\/que-es-una-fachada-ventilada-todo-lo-que-necesitas-saber\/","name":"What Is a Ventilated Facade? Everything You Need to Know - Armalutx Constructions","isPartOf":{"@id":"https:\/\/armalutx.com\/#website"},"primaryImageOfPage":{"@id":"https:\/\/armalutx.com\/que-es-una-fachada-ventilada-todo-lo-que-necesitas-saber\/#primaryimage"},"image":{"@id":"https:\/\/armalutx.com\/que-es-una-fachada-ventilada-todo-lo-que-necesitas-saber\/#primaryimage"},"thumbnailUrl":"https:\/\/armalutx.com\/wp-content\/uploads\/2025\/05\/Que-es-una-Fachada-Ventilada.jpg","datePublished":"2025-05-27T10:11:25+00:00","dateModified":"2025-05-27T10:11:26+00:00","author":{"@id":"https:\/\/armalutx.com\/#\/schema\/person\/5b3203398b5790ddc3b68823e709262f"},"description":"What is a ventilated fa\u00e7ade? Improve your building&#039;s energy efficiency and aesthetics with this modern, durable, and functional system.","breadcrumb":{"@id":"https:\/\/armalutx.com\/que-es-una-fachada-ventilada-todo-lo-que-necesitas-saber\/#breadcrumb"},"inLanguage":"en-GB","potentialAction":[{"@type":"ReadAction","target":["https:\/\/armalutx.com\/que-es-una-fachada-ventilada-todo-lo-que-necesitas-saber\/"]}]},{"@type":"ImageObject","inLanguage":"en-GB","@id":"https:\/\/armalutx.com\/que-es-una-fachada-ventilada-todo-lo-que-necesitas-saber\/#primaryimage","url":"https:\/\/armalutx.com\/wp-content\/uploads\/2025\/05\/Que-es-una-Fachada-Ventilada.jpg","contentUrl":"https:\/\/armalutx.com\/wp-content\/uploads\/2025\/05\/Que-es-una-Fachada-Ventilada.jpg","width":1240,"height":830,"caption":"\u00bfQu\u00e9 es una fachada ventilada? Mejora la eficiencia energ\u00e9tica y est\u00e9tica de tu edificio con este sistema moderno, duradero y funcional."},{"@type":"BreadcrumbList","@id":"https:\/\/armalutx.com\/que-es-una-fachada-ventilada-todo-lo-que-necesitas-saber\/#breadcrumb","itemListElement":[{"@type":"ListItem","position":1,"name":"Portada","item":"https:\/\/armalutx.com\/"},{"@type":"ListItem","position":2,"name":"\u00bfQu\u00e9 es una Fachada Ventilada? Todo lo que Necesitas Saber"}]},{"@type":"WebSite","@id":"https:\/\/armalutx.com\/#website","url":"https:\/\/armalutx.com\/","name":"Armalutx Constructions","description":"Construcciones Armalutx is your construction company in Mallorca with more than 50 years of experience.","potentialAction":[{"@type":"SearchAction","target":{"@type":"EntryPoint","urlTemplate":"https:\/\/armalutx.com\/?s={search_term_string}"},"query-input":{"@type":"PropertyValueSpecification","valueRequired":true,"valueName":"search_term_string"}}],"inLanguage":"en-GB"},{"@type":"Person","@id":"https:\/\/armalutx.com\/#\/schema\/person\/5b3203398b5790ddc3b68823e709262f","name":"admin","image":{"@type":"ImageObject","inLanguage":"en-GB","@id":"https:\/\/secure.gravatar.com\/avatar\/ad4828f9a4f708a1e41bca657564788ed8eeec2c5621dacbb988a10a699764df?s=96&d=mm&r=g","url":"https:\/\/secure.gravatar.com\/avatar\/ad4828f9a4f708a1e41bca657564788ed8eeec2c5621dacbb988a10a699764df?s=96&d=mm&r=g","contentUrl":"https:\/\/secure.gravatar.com\/avatar\/ad4828f9a4f708a1e41bca657564788ed8eeec2c5621dacbb988a10a699764df?s=96&d=mm&r=g","caption":"admin"},"sameAs":["https:\/\/armalutx.com"],"url":"https:\/\/armalutx.com\/en\/author\/admin\/"}]}},"_links":{"self":[{"href":"https:\/\/armalutx.com\/en\/wp-json\/wp\/v2\/posts\/1792","targetHints":{"allow":["GET"]}}],"collection":[{"href":"https:\/\/armalutx.com\/en\/wp-json\/wp\/v2\/posts"}],"about":[{"href":"https:\/\/armalutx.com\/en\/wp-json\/wp\/v2\/types\/post"}],"author":[{"embeddable":true,"href":"https:\/\/armalutx.com\/en\/wp-json\/wp\/v2\/users\/1"}],"replies":[{"embeddable":true,"href":"https:\/\/armalutx.com\/en\/wp-json\/wp\/v2\/comments?post=1792"}],"version-history":[{"count":1,"href":"https:\/\/armalutx.com\/en\/wp-json\/wp\/v2\/posts\/1792\/revisions"}],"predecessor-version":[{"id":1794,"href":"https:\/\/armalutx.com\/en\/wp-json\/wp\/v2\/posts\/1792\/revisions\/1794"}],"wp:featuredmedia":[{"embeddable":true,"href":"https:\/\/armalutx.com\/en\/wp-json\/wp\/v2\/media\/1793"}],"wp:attachment":[{"href":"https:\/\/armalutx.com\/en\/wp-json\/wp\/v2\/media?parent=1792"}],"wp:term":[{"taxonomy":"category","embeddable":true,"href":"https:\/\/armalutx.com\/en\/wp-json\/wp\/v2\/categories?post=1792"},{"taxonomy":"post_tag","embeddable":true,"href":"https:\/\/armalutx.com\/en\/wp-json\/wp\/v2\/tags?post=1792"}],"curies":[{"name":"wp","href":"https:\/\/api.w.org\/{rel}","templated":true}]}}